{"id":376,"date":"2023-12-01T12:10:36","date_gmt":"2023-12-01T17:10:36","guid":{"rendered":"http:\/\/guayaquilrentacar.com\/?p=376"},"modified":"2025-12-11T10:19:42","modified_gmt":"2025-12-11T15:19:42","slug":"feriados-ecuador-2024","status":"publish","type":"post","link":"https:\/\/guayaquilrentacar.com\/en\/feriados-ecuador-2024\/","title":{"rendered":"Feriados Ecuador 2024"},"content":{"rendered":"<div class=\"wp-block-uagb-advanced-heading uagb-block-19326d5b\"><h1 class=\"uagb-heading-text\">Feriados Ecuador 2024<\/h1><\/div>\n\n\n\n<div class=\"wp-block-uagb-image uagb-block-fe3a9687 wp-block-uagb-image--layout-default wp-block-uagb-image--effect-static wp-block-uagb-image--align-none\"><figure class=\"wp-block-uagb-image__figure\"><a class=\"\" href=\"https:\/\/guayaquilrentacar.com\/wp-content\/uploads\/2023\/12\/calendario-2024-guayaquil-rentacar.jpg\" target=\"\" rel=\"noopener\"><img decoding=\"async\" srcset=\"https:\/\/guayaquilrentacar.com\/wp-content\/uploads\/2023\/12\/calendario-2024-guayaquil-rentacar.jpg ,https:\/\/guayaquilrentacar.com\/wp-content\/uploads\/2023\/12\/calendario-2024-guayaquil-rentacar.jpg 780w, https:\/\/guayaquilrentacar.com\/wp-content\/uploads\/2023\/12\/calendario-2024-guayaquil-rentacar.jpg 360w\" sizes=\"auto, (max-width: 480px) 150px\" src=\"https:\/\/guayaquilrentacar.com\/wp-content\/uploads\/2023\/12\/calendario-2024-guayaquil-rentacar.jpg\" alt=\"Calendario de Feriados Ecuador 2024\" class=\"uag-image-1463\" width=\"300\" height=\"251\" title=\"calendario-2024-guayaquil-rentacar\" loading=\"lazy\" role=\"img\"\/><\/a><\/figure><\/div>\n\n\n\n<p><a href=\"https:\/\/guayaquilrentacar.com\/wp-content\/uploads\/2023\/12\/calendario-2024-guayaquil-rentacar.jpg\" data-elementor-open-lightbox=\"yes\" data-elementor-lightbox-title=\"calendario-2024-guayaquil-rentacar\" data-e-action-hash=\"#elementor-action%3Aaction%3Dlightbox%26settings%3DeyJpZCI6MTQ2MywidXJsIjoiaHR0cHM6XC9cL2d1YXlhcXVpbHJlbnRhY2FyLmNvbVwvd3AtY29udGVudFwvdXBsb2Fkc1wvMjAyM1wvMTJcL2NhbGVuZGFyaW8tMjAyNC1ndWF5YXF1aWwtcmVudGFjYXIuanBnIn0%3D\"><br> <\/a><\/p>\n\n\n\n<div class=\"wp-block-uagb-advanced-heading uagb-block-20348bee\"><h2 class=\"uagb-heading-text\"><a href=\"https:\/\/www.turismo.gob.ec\/wp-content\/uploads\/2023\/12\/CALENDARIO-FERIADOS-2023-2025-06-12-2022-.pdf\" rel=\"noopener\">Feriados Ecuador 2024. Fechas<\/a><\/h2><\/div>\n\n\n\n<p class=\"has-text-align-center\">El calendario de feriados de Ecuador 2024, debe considerarse para las siguientes fechas:<\/p>\n\n\n\n<div class=\"wp-block-uagb-advanced-heading uagb-block-2b227e75\"><h3 class=\"uagb-heading-text\">Calendario de <strong>Feriados Ecuador A\u00f1o 2024<\/strong><\/h3><\/div>\n\n\n\n<p class=\"has-text-align-center\">A\u00f1o Nuevo: Lunes 1 de enero 2024<br>Carnaval: Lunes 12 y martes 13 de febrero<br>Viernes Santo: Viernes 29 de marzo<br>D\u00eda del Trabajo: Mi\u00e9rcoles 1 de mayo se traslada al viernes 3 de mayo<br>Batalla del Pichincha: Viernes 24 de mayo<br>Primer Grito de la Independencia: S\u00e1bado 10 de agosto se traslada al viernes 09 agosto<br>Independencia de Guayaquil: Mi\u00e9rcoles 9 de octubre 2024 se traslada al viernes 11 octubre<br>D\u00eda de los Difuntos: S\u00e1bado 2 de noviembre<br>Independencia de Cuenca: Domingo 3 de noviembre se traslada al lunes 04 noviembre<br>Navidad Mi\u00e9rcoles 25 de diciembre<\/p>","protected":false},"excerpt":{"rendered":"<p>Calendario de feriados de Ecuador 2024, debes organizarte y estar preparado para disfrutar<\/p>","protected":false},"author":2,"featured_media":1463,"comment_status":"open","ping_status":"closed","sticky":false,"template":"","format":"standard","meta":{"_uag_custom_page_level_css":"","site-sidebar-layout":"default","site-content-layout":"","ast-site-content-layout":"default","site-content-style":"default","site-sidebar-style":"default","ast-global-header-display":"","ast-banner-title-visibility":"","ast-main-header-display":"","ast-hfb-above-header-display":"","ast-hfb-below-header-display":"","ast-hfb-mobile-header-display":"","site-post-title":"disabled","ast-breadcrumbs-content":"","ast-featured-img":"","footer-sml-layout":"","ast-disable-related-posts":"","theme-transparent-header-meta":"","adv-header-id-meta":"","stick-header-meta":"","header-above-stick-meta":"","header-main-stick-meta":"","header-below-stick-meta":"","astra-migrate-meta-layouts":"default","ast-page-background-enabled":"default","ast-page-background-meta":{"desktop":{"background-color":"var(--ast-global-color-5)","background-image":"","background-repeat":"repeat","background-position":"center center","background-size":"auto","background-attachment":"scroll","background-type":"","background-media":"","overlay-type":"","overlay-color":"","overlay-opacity":"","overlay-gradient":""},"tablet":{"background-color":"","background-image":"","background-repeat":"repeat","background-position":"center center","background-size":"auto","background-attachment":"scroll","background-type":"","background-media":"","overlay-type":"","overlay-color":"","overlay-opacity":"","overlay-gradient":""},"mobile":{"background-color":"","background-image":"","background-repeat":"repeat","background-position":"center center","background-size":"auto","background-attachment":"scroll","background-type":"","background-media":"","overlay-type":"","overlay-color":"","overlay-opacity":"","overlay-gradient":""}},"ast-content-background-meta":{"desktop":{"background-color":"var(--ast-global-color-4)","background-image":"","background-repeat":"repeat","background-position":"center center","background-size":"auto","background-attachment":"scroll","background-type":"","background-media":"","overlay-type":"","overlay-color":"","overlay-opacity":"","overlay-gradient":""},"tablet":{"background-color":"var(--ast-global-color-4)","background-image":"","background-repeat":"repeat","background-position":"center center","background-size":"auto","background-attachment":"scroll","background-type":"","background-media":"","overlay-type":"","overlay-color":"","overlay-opacity":"","overlay-gradient":""},"mobile":{"background-color":"var(--ast-global-color-4)","background-image":"","background-repeat":"repeat","background-position":"center center","background-size":"auto","background-attachment":"scroll","background-type":"","background-media":"","overlay-type":"","overlay-color":"","overlay-opacity":"","overlay-gradient":""}},"footnotes":""},"categories":[3],"tags":[14,6,12,11,8,13,9],"class_list":["post-376","post","type-post","status-publish","format-standard","has-post-thumbnail","hentry","category-alquiler-de-autos","tag-aeropuerto-guayaquil","tag-alquiler-de-autos-guayaquil","tag-alquiler-de-suv-guayaquil","tag-alquiler-de-vans-guayaquil","tag-alquiler-de-vehiculos-guayaquil","tag-car-rental","tag-rentacar"],"uagb_featured_image_src":{"full":["https:\/\/guayaquilrentacar.com\/wp-content\/uploads\/2023\/12\/calendario-2024-guayaquil-rentacar.jpg",201,251,false],"thumbnail":["https:\/\/guayaquilrentacar.com\/wp-content\/uploads\/2023\/12\/calendario-2024-guayaquil-rentacar-150x150.jpg",150,150,true],"medium":["https:\/\/guayaquilrentacar.com\/wp-content\/uploads\/2023\/12\/calendario-2024-guayaquil-rentacar.jpg",201,251,false],"medium_large":["https:\/\/guayaquilrentacar.com\/wp-content\/uploads\/2023\/12\/calendario-2024-guayaquil-rentacar.jpg",201,251,false],"large":["https:\/\/guayaquilrentacar.com\/wp-content\/uploads\/2023\/12\/calendario-2024-guayaquil-rentacar.jpg",201,251,false],"1536x1536":["https:\/\/guayaquilrentacar.com\/wp-content\/uploads\/2023\/12\/calendario-2024-guayaquil-rentacar.jpg",201,251,false],"2048x2048":["https:\/\/guayaquilrentacar.com\/wp-content\/uploads\/2023\/12\/calendario-2024-guayaquil-rentacar.jpg",201,251,false],"trp-custom-language-flag":["https:\/\/guayaquilrentacar.com\/wp-content\/uploads\/2023\/12\/calendario-2024-guayaquil-rentacar.jpg",10,12,false]},"uagb_author_info":{"display_name":"Guayaquil Rent a Car","author_link":"https:\/\/guayaquilrentacar.com\/en\/author\/facundo\/"},"uagb_comment_info":22,"uagb_excerpt":"Calendario de feriados de Ecuador 2024, debes organizarte y estar preparado para disfrutar","_links":{"self":[{"href":"https:\/\/guayaquilrentacar.com\/en\/wp-json\/wp\/v2\/posts\/376","targetHints":{"allow":["GET"]}}],"collection":[{"href":"https:\/\/guayaquilrentacar.com\/en\/wp-json\/wp\/v2\/posts"}],"about":[{"href":"https:\/\/guayaquilrentacar.com\/en\/wp-json\/wp\/v2\/types\/post"}],"author":[{"embeddable":true,"href":"https:\/\/guayaquilrentacar.com\/en\/wp-json\/wp\/v2\/users\/2"}],"replies":[{"embeddable":true,"href":"https:\/\/guayaquilrentacar.com\/en\/wp-json\/wp\/v2\/comments?post=376"}],"version-history":[{"count":21,"href":"https:\/\/guayaquilrentacar.com\/en\/wp-json\/wp\/v2\/posts\/376\/revisions"}],"predecessor-version":[{"id":3412,"href":"https:\/\/guayaquilrentacar.com\/en\/wp-json\/wp\/v2\/posts\/376\/revisions\/3412"}],"wp:featuredmedia":[{"embeddable":true,"href":"https:\/\/guayaquilrentacar.com\/en\/wp-json\/wp\/v2\/media\/1463"}],"wp:attachment":[{"href":"https:\/\/guayaquilrentacar.com\/en\/wp-json\/wp\/v2\/media?parent=376"}],"wp:term":[{"taxonomy":"category","embeddable":true,"href":"https:\/\/guayaquilrentacar.com\/en\/wp-json\/wp\/v2\/categories?post=376"},{"taxonomy":"post_tag","embeddable":true,"href":"https:\/\/guayaquilrentacar.com\/en\/wp-json\/wp\/v2\/tags?post=376"}],"curies":[{"name":"wp","href":"https:\/\/api.w.org\/{rel}","templated":true}]}}